{"id":1918,"date":"2025-07-02T15:46:57","date_gmt":"2025-07-02T13:46:57","guid":{"rendered":"http:\/\/feinbeisser.de\/?p=1918"},"modified":"2025-07-02T15:46:57","modified_gmt":"2025-07-02T13:46:57","slug":"gala-hamburger-des-jahres","status":"publish","type":"post","link":"https:\/\/feinbeisser.de\/en\/2025\/07\/02\/gala-hamburger-des-jahres\/","title":{"rendered":"Gala - Hamburger of the year"},"content":{"rendered":"<p>Feinbeisser-Catering supports Hamburg1 at the Hamburger of the Year 2010 gala celebration with high-calibre guests. Food concept. Foodtowers. Staff. VIP catering. Drinks. Equipment. Bar service. Bar WhiteLounge.<a href=\"https:\/\/feinbeisser.de\/en\/img\/aktuelles_2010_11_01.jpg\/\"><\/a><\/p>","protected":false},"excerpt":{"rendered":"<p>Feinbeisser-Catering supports Hamburg1 at the Hamburger of the Year 2010 gala celebration with high-calibre guests. Food concept. Foodtowers. Staff. VIP catering. Drinks. Equipment. Bar service. Bar WhiteLounge.<\/p>","protected":false},"author":1,"featured_media":1886,"comment_status":"closed","ping_status":"closed","sticky":false,"template":"","format":"standard","meta":{"footnotes":""},"categories":[1],"tags":[],"class_list":["post-1918","post","type-post","status-publish","format-standard","has-post-thumbnail","hentry","category-uncategorized"],"yoast_head":"<!-- This site is optimized with the Yoast SEO plugin v27.5 - https:\/\/yoast.com\/product\/yoast-seo-wordpress\/ -->\n<title>Gala \u2013 Hamburger des Jahres - Feinbeisser Event &amp; Catering Hamburg - Feinbeisser-Catering<\/title>\n<meta name=\"robots\" content=\"index, follow, max-snippet:-1, max-image-preview:large, max-video-preview:-1\" \/>\n<link rel=\"canonical\" href=\"https:\/\/feinbeisser.de\/en\/2025\/07\/02\/gala-hamburger-des-jahres\/\" \/>\n<meta property=\"og:locale\" content=\"en_GB\" \/>\n<meta property=\"og:type\" content=\"article\" \/>\n<meta property=\"og:title\" content=\"Gala \u2013 Hamburger des Jahres - Feinbeisser Event &amp; Catering Hamburg - Feinbeisser-Catering\" \/>\n<meta property=\"og:description\" content=\"Feinbeisser-Catering unterst\u00fctzt Hamburg1 bei der Galafeier Hamburger des Jahres 2010 mit hochkar\u00e4tigen G\u00e4sten. Foodkonzept. Foodtowers. Personal. VIP-Catering. Getr\u00e4nke. Ausstattung. Barservice. Bar WhiteLounge.\" \/>\n<meta property=\"og:url\" content=\"https:\/\/feinbeisser.de\/en\/2025\/07\/02\/gala-hamburger-des-jahres\/\" \/>\n<meta property=\"og:site_name\" content=\"Feinbeisser Event &amp; Catering Hamburg - Feinbeisser-Catering\" \/>\n<meta property=\"article:published_time\" content=\"2025-07-02T13:46:57+00:00\" \/>\n<meta property=\"og:image\" content=\"https:\/\/feinbeisser.de\/wp-content\/uploads\/2025\/07\/aktuelles_2010_12_01.jpg\" \/>\n\t<meta property=\"og:image:width\" content=\"1172\" \/>\n\t<meta property=\"og:image:height\" content=\"509\" \/>\n\t<meta property=\"og:image:type\" content=\"image\/jpeg\" \/>\n<meta name=\"author\" content=\"wp_testaccount\" \/>\n<meta name=\"twitter:card\" content=\"summary_large_image\" \/>\n<meta name=\"twitter:label1\" content=\"Written by\" \/>\n\t<meta name=\"twitter:data1\" content=\"wp_testaccount\" \/>\n\t<meta name=\"twitter:label2\" content=\"Estimated reading time\" \/>\n\t<meta name=\"twitter:data2\" content=\"1 minute\" \/>\n<script type=\"application\/ld+json\" class=\"yoast-schema-graph\">{\"@context\":\"https:\\\/\\\/schema.org\",\"@graph\":[{\"@type\":\"Article\",\"@id\":\"https:\\\/\\\/feinbeisser.de\\\/2025\\\/07\\\/02\\\/gala-hamburger-des-jahres\\\/#article\",\"isPartOf\":{\"@id\":\"https:\\\/\\\/feinbeisser.de\\\/2025\\\/07\\\/02\\\/gala-hamburger-des-jahres\\\/\"},\"author\":{\"name\":\"wp_testaccount\",\"@id\":\"https:\\\/\\\/feinbeisser.de\\\/#\\\/schema\\\/person\\\/f2fc370733c60e76f7e2521338eb1364\"},\"headline\":\"Gala \u2013 Hamburger des Jahres\",\"datePublished\":\"2025-07-02T13:46:57+00:00\",\"mainEntityOfPage\":{\"@id\":\"https:\\\/\\\/feinbeisser.de\\\/2025\\\/07\\\/02\\\/gala-hamburger-des-jahres\\\/\"},\"wordCount\":29,\"publisher\":{\"@id\":\"https:\\\/\\\/feinbeisser.de\\\/#organization\"},\"image\":{\"@id\":\"https:\\\/\\\/feinbeisser.de\\\/2025\\\/07\\\/02\\\/gala-hamburger-des-jahres\\\/#primaryimage\"},\"thumbnailUrl\":\"https:\\\/\\\/feinbeisser.de\\\/wp-content\\\/uploads\\\/2025\\\/07\\\/aktuelles_2010_12_01.jpg\",\"articleSection\":[\"Uncategorized\"],\"inLanguage\":\"en-GB\"},{\"@type\":\"WebPage\",\"@id\":\"https:\\\/\\\/feinbeisser.de\\\/2025\\\/07\\\/02\\\/gala-hamburger-des-jahres\\\/\",\"url\":\"https:\\\/\\\/feinbeisser.de\\\/2025\\\/07\\\/02\\\/gala-hamburger-des-jahres\\\/\",\"name\":\"Gala \u2013 Hamburger des Jahres - Feinbeisser Event &amp; Catering Hamburg - Feinbeisser-Catering\",\"isPartOf\":{\"@id\":\"https:\\\/\\\/feinbeisser.de\\\/#website\"},\"primaryImageOfPage\":{\"@id\":\"https:\\\/\\\/feinbeisser.de\\\/2025\\\/07\\\/02\\\/gala-hamburger-des-jahres\\\/#primaryimage\"},\"image\":{\"@id\":\"https:\\\/\\\/feinbeisser.de\\\/2025\\\/07\\\/02\\\/gala-hamburger-des-jahres\\\/#primaryimage\"},\"thumbnailUrl\":\"https:\\\/\\\/feinbeisser.de\\\/wp-content\\\/uploads\\\/2025\\\/07\\\/aktuelles_2010_12_01.jpg\",\"datePublished\":\"2025-07-02T13:46:57+00:00\",\"breadcrumb\":{\"@id\":\"https:\\\/\\\/feinbeisser.de\\\/2025\\\/07\\\/02\\\/gala-hamburger-des-jahres\\\/#breadcrumb\"},\"inLanguage\":\"en-GB\",\"potentialAction\":[{\"@type\":\"ReadAction\",\"target\":[\"https:\\\/\\\/feinbeisser.de\\\/2025\\\/07\\\/02\\\/gala-hamburger-des-jahres\\\/\"]}]},{\"@type\":\"ImageObject\",\"inLanguage\":\"en-GB\",\"@id\":\"https:\\\/\\\/feinbeisser.de\\\/2025\\\/07\\\/02\\\/gala-hamburger-des-jahres\\\/#primaryimage\",\"url\":\"https:\\\/\\\/feinbeisser.de\\\/wp-content\\\/uploads\\\/2025\\\/07\\\/aktuelles_2010_12_01.jpg\",\"contentUrl\":\"https:\\\/\\\/feinbeisser.de\\\/wp-content\\\/uploads\\\/2025\\\/07\\\/aktuelles_2010_12_01.jpg\",\"width\":1172,\"height\":509},{\"@type\":\"BreadcrumbList\",\"@id\":\"https:\\\/\\\/feinbeisser.de\\\/2025\\\/07\\\/02\\\/gala-hamburger-des-jahres\\\/#breadcrumb\",\"itemListElement\":[{\"@type\":\"ListItem\",\"position\":1,\"name\":\"Startseite\",\"item\":\"https:\\\/\\\/feinbeisser.de\\\/\"},{\"@type\":\"ListItem\",\"position\":2,\"name\":\"Gala \u2013 Hamburger des Jahres\"}]},{\"@type\":\"WebSite\",\"@id\":\"https:\\\/\\\/feinbeisser.de\\\/#website\",\"url\":\"https:\\\/\\\/feinbeisser.de\\\/\",\"name\":\"Feinbeisser Event &amp; Catering Hamburg - Feinbeisser-Catering\",\"description\":\"CATERING HAMBURG - FEINBEISSER, Ihr Hamburger Event &amp; Catering Service in Hamburg mit einem anspruchsvollen Catering-Angebot f\u00fcr den gesamten Party- und Eventbereich!\",\"publisher\":{\"@id\":\"https:\\\/\\\/feinbeisser.de\\\/#organization\"},\"potentialAction\":[{\"@type\":\"SearchAction\",\"target\":{\"@type\":\"EntryPoint\",\"urlTemplate\":\"https:\\\/\\\/feinbeisser.de\\\/?s={search_term_string}\"},\"query-input\":{\"@type\":\"PropertyValueSpecification\",\"valueRequired\":true,\"valueName\":\"search_term_string\"}}],\"inLanguage\":\"en-GB\"},{\"@type\":\"Organization\",\"@id\":\"https:\\\/\\\/feinbeisser.de\\\/#organization\",\"name\":\"Feinbeisser Event &amp; Catering Hamburg - Feinbeisser-Catering\",\"url\":\"https:\\\/\\\/feinbeisser.de\\\/\",\"logo\":{\"@type\":\"ImageObject\",\"inLanguage\":\"en-GB\",\"@id\":\"https:\\\/\\\/feinbeisser.de\\\/#\\\/schema\\\/logo\\\/image\\\/\",\"url\":\"https:\\\/\\\/feinbeisser.de\\\/wp-content\\\/uploads\\\/2025\\\/04\\\/Element-1.svg\",\"contentUrl\":\"https:\\\/\\\/feinbeisser.de\\\/wp-content\\\/uploads\\\/2025\\\/04\\\/Element-1.svg\",\"width\":278,\"height\":84,\"caption\":\"Feinbeisser Event &amp; Catering Hamburg - Feinbeisser-Catering\"},\"image\":{\"@id\":\"https:\\\/\\\/feinbeisser.de\\\/#\\\/schema\\\/logo\\\/image\\\/\"}},{\"@type\":\"Person\",\"@id\":\"https:\\\/\\\/feinbeisser.de\\\/#\\\/schema\\\/person\\\/f2fc370733c60e76f7e2521338eb1364\",\"name\":\"wp_testaccount\",\"sameAs\":[\"http:\\\/\\\/feinbeisser.de\"],\"url\":\"https:\\\/\\\/feinbeisser.de\\\/en\\\/author\\\/wp_testaccount\\\/\"}]}<\/script>\n<!-- \/ Yoast SEO plugin. -->","yoast_head_json":{"title":"Gala \u2013 Hamburger des Jahres - Feinbeisser Event &amp; Catering Hamburg - Feinbeisser-Catering","robots":{"index":"index","follow":"follow","max-snippet":"max-snippet:-1","max-image-preview":"max-image-preview:large","max-video-preview":"max-video-preview:-1"},"canonical":"https:\/\/feinbeisser.de\/en\/2025\/07\/02\/gala-hamburger-des-jahres\/","og_locale":"en_GB","og_type":"article","og_title":"Gala \u2013 Hamburger des Jahres - Feinbeisser Event &amp; Catering Hamburg - Feinbeisser-Catering","og_description":"Feinbeisser-Catering unterst\u00fctzt Hamburg1 bei der Galafeier Hamburger des Jahres 2010 mit hochkar\u00e4tigen G\u00e4sten. Foodkonzept. Foodtowers. Personal. VIP-Catering. Getr\u00e4nke. Ausstattung. Barservice. Bar WhiteLounge.","og_url":"https:\/\/feinbeisser.de\/en\/2025\/07\/02\/gala-hamburger-des-jahres\/","og_site_name":"Feinbeisser Event &amp; Catering Hamburg - Feinbeisser-Catering","article_published_time":"2025-07-02T13:46:57+00:00","og_image":[{"width":1172,"height":509,"url":"https:\/\/feinbeisser.de\/wp-content\/uploads\/2025\/07\/aktuelles_2010_12_01.jpg","type":"image\/jpeg"}],"author":"wp_testaccount","twitter_card":"summary_large_image","twitter_misc":{"Written by":"wp_testaccount","Estimated reading time":"1 minute"},"schema":{"@context":"https:\/\/schema.org","@graph":[{"@type":"Article","@id":"https:\/\/feinbeisser.de\/2025\/07\/02\/gala-hamburger-des-jahres\/#article","isPartOf":{"@id":"https:\/\/feinbeisser.de\/2025\/07\/02\/gala-hamburger-des-jahres\/"},"author":{"name":"wp_testaccount","@id":"https:\/\/feinbeisser.de\/#\/schema\/person\/f2fc370733c60e76f7e2521338eb1364"},"headline":"Gala \u2013 Hamburger des Jahres","datePublished":"2025-07-02T13:46:57+00:00","mainEntityOfPage":{"@id":"https:\/\/feinbeisser.de\/2025\/07\/02\/gala-hamburger-des-jahres\/"},"wordCount":29,"publisher":{"@id":"https:\/\/feinbeisser.de\/#organization"},"image":{"@id":"https:\/\/feinbeisser.de\/2025\/07\/02\/gala-hamburger-des-jahres\/#primaryimage"},"thumbnailUrl":"https:\/\/feinbeisser.de\/wp-content\/uploads\/2025\/07\/aktuelles_2010_12_01.jpg","articleSection":["Uncategorized"],"inLanguage":"en-GB"},{"@type":"WebPage","@id":"https:\/\/feinbeisser.de\/2025\/07\/02\/gala-hamburger-des-jahres\/","url":"https:\/\/feinbeisser.de\/2025\/07\/02\/gala-hamburger-des-jahres\/","name":"Gala \u2013 Hamburger des Jahres - Feinbeisser Event &amp; Catering Hamburg - Feinbeisser-Catering","isPartOf":{"@id":"https:\/\/feinbeisser.de\/#website"},"primaryImageOfPage":{"@id":"https:\/\/feinbeisser.de\/2025\/07\/02\/gala-hamburger-des-jahres\/#primaryimage"},"image":{"@id":"https:\/\/feinbeisser.de\/2025\/07\/02\/gala-hamburger-des-jahres\/#primaryimage"},"thumbnailUrl":"https:\/\/feinbeisser.de\/wp-content\/uploads\/2025\/07\/aktuelles_2010_12_01.jpg","datePublished":"2025-07-02T13:46:57+00:00","breadcrumb":{"@id":"https:\/\/feinbeisser.de\/2025\/07\/02\/gala-hamburger-des-jahres\/#breadcrumb"},"inLanguage":"en-GB","potentialAction":[{"@type":"ReadAction","target":["https:\/\/feinbeisser.de\/2025\/07\/02\/gala-hamburger-des-jahres\/"]}]},{"@type":"ImageObject","inLanguage":"en-GB","@id":"https:\/\/feinbeisser.de\/2025\/07\/02\/gala-hamburger-des-jahres\/#primaryimage","url":"https:\/\/feinbeisser.de\/wp-content\/uploads\/2025\/07\/aktuelles_2010_12_01.jpg","contentUrl":"https:\/\/feinbeisser.de\/wp-content\/uploads\/2025\/07\/aktuelles_2010_12_01.jpg","width":1172,"height":509},{"@type":"BreadcrumbList","@id":"https:\/\/feinbeisser.de\/2025\/07\/02\/gala-hamburger-des-jahres\/#breadcrumb","itemListElement":[{"@type":"ListItem","position":1,"name":"Startseite","item":"https:\/\/feinbeisser.de\/"},{"@type":"ListItem","position":2,"name":"Gala \u2013 Hamburger des Jahres"}]},{"@type":"WebSite","@id":"https:\/\/feinbeisser.de\/#website","url":"https:\/\/feinbeisser.de\/","name":"Feinbeisser Event &amp; Catering Hamburg - Feinbeisser-Catering","description":"CATERING HAMBURG - FEINBEISSER, your Hamburg event &amp; catering service in Hamburg with a sophisticated catering offer for the entire party and event sector!","publisher":{"@id":"https:\/\/feinbeisser.de\/#organization"},"potentialAction":[{"@type":"SearchAction","target":{"@type":"EntryPoint","urlTemplate":"https:\/\/feinbeisser.de\/?s={search_term_string}"},"query-input":{"@type":"PropertyValueSpecification","valueRequired":true,"valueName":"search_term_string"}}],"inLanguage":"en-GB"},{"@type":"Organization","@id":"https:\/\/feinbeisser.de\/#organization","name":"Feinbeisser Event &amp; Catering Hamburg - Feinbeisser-Catering","url":"https:\/\/feinbeisser.de\/","logo":{"@type":"ImageObject","inLanguage":"en-GB","@id":"https:\/\/feinbeisser.de\/#\/schema\/logo\/image\/","url":"https:\/\/feinbeisser.de\/wp-content\/uploads\/2025\/04\/Element-1.svg","contentUrl":"https:\/\/feinbeisser.de\/wp-content\/uploads\/2025\/04\/Element-1.svg","width":278,"height":84,"caption":"Feinbeisser Event &amp; Catering Hamburg - Feinbeisser-Catering"},"image":{"@id":"https:\/\/feinbeisser.de\/#\/schema\/logo\/image\/"}},{"@type":"Person","@id":"https:\/\/feinbeisser.de\/#\/schema\/person\/f2fc370733c60e76f7e2521338eb1364","name":"wp_testaccount","sameAs":["http:\/\/feinbeisser.de"],"url":"https:\/\/feinbeisser.de\/en\/author\/wp_testaccount\/"}]}},"_links":{"self":[{"href":"https:\/\/feinbeisser.de\/en\/wp-json\/wp\/v2\/posts\/1918","targetHints":{"allow":["GET"]}}],"collection":[{"href":"https:\/\/feinbeisser.de\/en\/wp-json\/wp\/v2\/posts"}],"about":[{"href":"https:\/\/feinbeisser.de\/en\/wp-json\/wp\/v2\/types\/post"}],"author":[{"embeddable":true,"href":"https:\/\/feinbeisser.de\/en\/wp-json\/wp\/v2\/users\/1"}],"replies":[{"embeddable":true,"href":"https:\/\/feinbeisser.de\/en\/wp-json\/wp\/v2\/comments?post=1918"}],"version-history":[{"count":1,"href":"https:\/\/feinbeisser.de\/en\/wp-json\/wp\/v2\/posts\/1918\/revisions"}],"predecessor-version":[{"id":1919,"href":"https:\/\/feinbeisser.de\/en\/wp-json\/wp\/v2\/posts\/1918\/revisions\/1919"}],"wp:featuredmedia":[{"embeddable":true,"href":"https:\/\/feinbeisser.de\/en\/wp-json\/wp\/v2\/media\/1886"}],"wp:attachment":[{"href":"https:\/\/feinbeisser.de\/en\/wp-json\/wp\/v2\/media?parent=1918"}],"wp:term":[{"taxonomy":"category","embeddable":true,"href":"https:\/\/feinbeisser.de\/en\/wp-json\/wp\/v2\/categories?post=1918"},{"taxonomy":"post_tag","embeddable":true,"href":"https:\/\/feinbeisser.de\/en\/wp-json\/wp\/v2\/tags?post=1918"}],"curies":[{"name":"wp","href":"https:\/\/api.w.org\/{rel}","templated":true}]}}